{"id":607,"date":"2025-02-26T22:02:01","date_gmt":"2025-02-26T21:02:01","guid":{"rendered":"https:\/\/www.collectif-reconstruire.fr\/?p=607"},"modified":"2025-02-26T22:08:43","modified_gmt":"2025-02-26T21:08:43","slug":"h2-automotive-forum-lhydrogene-priorite-pour-la-souverainete-energetique-et-industrielle-de-lautomobile","status":"publish","type":"post","link":"https:\/\/www.collectif-reconstruire.fr\/index.php\/2025\/02\/26\/h2-automotive-forum-lhydrogene-priorite-pour-la-souverainete-energetique-et-industrielle-de-lautomobile\/","title":{"rendered":"H2 Automotive forum : L\u2019hydrog\u00e8ne, priorit\u00e9 pour la souverainet\u00e9 \u00e9nerg\u00e9tique et industrielle de l\u2019automobile"},"content":{"rendered":"\t\t<div data-elementor-type=\"wp-post\" data-elementor-id=\"607\" class=\"elementor elementor-607\">\n\t\t\t\t<div class=\"elementor-element elementor-element-a422b8d e-flex e-con-boxed e-con e-parent\" data-id=\"a422b8d\" data-element_type=\"container\">\n\t\t\t\t\t<div class=\"e-con-inner\">\n\t\t\t\t<div class=\"elementor-element elementor-element-908d520 elementor-widget elementor-widget-image\" data-id=\"908d520\" data-element_type=\"widget\" data-widget_type=\"image.default\">\n\t\t\t\t<div class=\"elementor-widget-container\">\n\t\t\t<style>\/*! elementor - v3.21.0 - 30-04-2024 *\/\n.elementor-widget-image{text-align:center}.elementor-widget-image a{display:inline-block}.elementor-widget-image a img[src$=\".svg\"]{width:48px}.elementor-widget-image img{vertical-align:middle;display:inline-block}<\/style>\t\t\t\t\t\t\t\t\t\t<img fetchpriority=\"high\" decoding=\"async\" width=\"1024\" height=\"768\" src=\"https:\/\/www.collectif-reconstruire.fr\/wp-content\/uploads\/2025\/02\/1740575856854-1024x768.jpeg\" class=\"attachment-large size-large wp-image-608\" alt=\"\" srcset=\"https:\/\/www.collectif-reconstruire.fr\/wp-content\/uploads\/2025\/02\/1740575856854-1024x768.jpeg 1024w, https:\/\/www.collectif-reconstruire.fr\/wp-content\/uploads\/2025\/02\/1740575856854-300x225.jpeg 300w, https:\/\/www.collectif-reconstruire.fr\/wp-content\/uploads\/2025\/02\/1740575856854-768x576.jpeg 768w, https:\/\/www.collectif-reconstruire.fr\/wp-content\/uploads\/2025\/02\/1740575856854-1536x1152.jpeg 1536w, https:\/\/www.collectif-reconstruire.fr\/wp-content\/uploads\/2025\/02\/1740575856854.jpeg 2048w\" sizes=\"(max-width: 1024px) 100vw, 1024px\" \/>\t\t\t\t\t\t\t\t\t\t\t\t\t<\/div>\n\t\t\t\t<\/div>\n\t\t\t\t<div class=\"elementor-element elementor-element-436ded0 elementor-widget elementor-widget-text-editor\" data-id=\"436ded0\" data-element_type=\"widget\" data-widget_type=\"text-editor.default\">\n\t\t\t\t<div class=\"elementor-widget-container\">\n\t\t\t<style>\/*! elementor - v3.21.0 - 30-04-2024 *\/\n.elementor-widget-text-editor.elementor-drop-cap-view-stacked .elementor-drop-cap{background-color:#69727d;color:#fff}.elementor-widget-text-editor.elementor-drop-cap-view-framed .elementor-drop-cap{color:#69727d;border:3px solid;background-color:transparent}.elementor-widget-text-editor:not(.elementor-drop-cap-view-default) .elementor-drop-cap{margin-top:8px}.elementor-widget-text-editor:not(.elementor-drop-cap-view-default) .elementor-drop-cap-letter{width:1em;height:1em}.elementor-widget-text-editor .elementor-drop-cap{float:left;text-align:center;line-height:1;font-size:50px}.elementor-widget-text-editor .elementor-drop-cap-letter{display:inline-block}<\/style>\t\t\t\t<p>Le 26 f\u00e9vrier 2025, le <a class=\"AJJFfLaClxGZNlUaenMcaPFvpOyyHNqpkvsP \" href=\"https:\/\/www.linkedin.com\/company\/collectif-reconstruire\/\" target=\"_self\" data-test-app-aware-link=\"\">Collectif Reconstruire<\/a>, la <a class=\"AJJFfLaClxGZNlUaenMcaPFvpOyyHNqpkvsP \" href=\"https:\/\/www.linkedin.com\/company\/cfe-cgc-m%C3%A9tallurgie\/\" target=\"_self\" data-test-app-aware-link=\"\">CFE-CGC M\u00e9tallurgie<\/a> et le <a class=\"AJJFfLaClxGZNlUaenMcaPFvpOyyHNqpkvsP \" href=\"https:\/\/www.linkedin.com\/company\/syndicat-de-la-metallurgie-de-franche-comte-cfe-cgc\/\" target=\"_self\" data-test-app-aware-link=\"\">SYNDICAT DE LA METALLURGIE DE FRANCHE-COMTE CFE-CGC<\/a> a organis\u00e9 un \u00e9v\u00e8nement \u00e0 la Chambre de commerce et d&rsquo;industrie Sa\u00f4ne-Doubs (site de Montb\u00e9liard) pour un apr\u00e8s-midi d\u2019\u00e9changes et de r\u00e9flexion sur l\u2019avenir de l\u2019hydrog\u00e8ne dans l\u2019industrie automobile fran\u00e7aise.<br \/><br \/>\ud83d\udccc Pourquoi cet \u00e9v\u00e9nement ?<br \/>L\u2019hydrog\u00e8ne d\u00e9carbon\u00e9 est une priorit\u00e9 strat\u00e9gique pour la souverainet\u00e9 \u00e9nerg\u00e9tique et industrielle de la France. Dans un contexte de transformation profonde de la fili\u00e8re automobile, il repr\u00e9sente une opportunit\u00e9 unique pour d\u00e9carboner les transports, r\u00e9industrialiser nos territoires et r\u00e9duire notre d\u00e9pendance aux \u00e9nergies import\u00e9es.<br \/><br \/>\ud83d\udd51 Programme de l\u2019\u00e9v\u00e9nement :<br \/><br \/>\ud83d\udd39 14h00 &#8211; 14h15 : Accueil et introduction<br \/><br \/>\ud83d\udd39 14h15 &#8211; 15h00 : Conf\u00e9rence th\u00e9matique<br \/>\ud83d\udccd L\u2019hydrog\u00e8ne en France : \u00e9tat des lieux et perspectives industrielles<br \/>\ud83c\udf99 Intervenant : <a id=\"ember2678\" class=\"ember-view\" href=\"https:\/\/www.linkedin.com\/in\/quentin-viaud-15518b12a\/\">Quentin Viaud<\/a> \u2013 Cabinet d\u2019expertise SECAFI<br \/><br \/>\ud83d\udd39 15h15 &#8211; 16h00 : Table ronde 1<br \/>\ud83d\udccd Transformation de la fili\u00e8re automobile : risques et opportunit\u00e9s<br \/>\ud83c\udf99 Intervenants :<br \/><br \/><a id=\"ember2679\" class=\"ember-view\" href=\"https:\/\/www.linkedin.com\/in\/thibault-quartier-b7241b157\/\">Thibault Quartier<\/a> (Animateur &#8211; Journal Le Trois)<br \/><a id=\"ember2680\" class=\"ember-view\" href=\"https:\/\/www.linkedin.com\/in\/fr%C3%A9d%C3%A9ric-vion\/\">Fr\u00e9d\u00e9ric Vion<\/a> (D\u00e9l\u00e9gu\u00e9 National \u00e0 l\u2019Industrie &#8211; F\u00e9d\u00e9ration M\u00e9tallurgie CFE-CGC)<br \/><a id=\"ember2681\" class=\"ember-view\" href=\"https:\/\/www.linkedin.com\/in\/paul-morot-830190188\/\">Paul MOROT<\/a> (ISTHY, Shifters)<br \/><a id=\"ember2682\" class=\"ember-view\" href=\"https:\/\/www.linkedin.com\/in\/bruno-jamet-3a096a60\/\">Bruno Jamet<\/a> (Directeur Innovation &amp; Projets &#8211; P\u00f4le V\u00e9hicule du Futur)<br \/><a id=\"ember2683\" class=\"ember-view\" href=\"https:\/\/www.linkedin.com\/in\/alexia-pelizzari-visca-4226871a0\/\">Alexia Pelizzari Visca<\/a> (Cabinet d\u2019expertise SECAFI)<br \/><br \/>\ud83d\udd39 16h15 &#8211; 17h00 : Table ronde 2<br \/>\ud83d\udccd Hydrog\u00e8ne, fili\u00e8re d\u2019avenir ?<br \/>\ud83c\udf99 Intervenants :<br \/><br \/><a id=\"ember2684\" class=\"ember-view\" href=\"https:\/\/www.linkedin.com\/in\/thibault-quartier-b7241b157\/\">Thibault Quartier<\/a> (Animateur &#8211; Journal Le Trois)<br \/><a id=\"ember2685\" class=\"ember-view\" href=\"https:\/\/www.linkedin.com\/in\/christophe-husson-93172212\/\">Christophe HUSSON<\/a> (DSC CFE-CGC FORVIA)<br \/><a id=\"ember2686\" class=\"ember-view\" href=\"https:\/\/www.linkedin.com\/in\/nathalie-loch-vialle-2b476520\/\">Nathalie LOCH &#8211; VIALLE<\/a> (Cheffe de projet fili\u00e8re H2 &#8211; Agence \u00c9conomique R\u00e9gionale Bourgogne-Franche-Comt\u00e9, D\u00e9l\u00e9gu\u00e9e R\u00e9gionale France Hydrog\u00e8ne)<br \/><a id=\"ember2687\" class=\"ember-view\" href=\"https:\/\/www.linkedin.com\/in\/jean-patrick-corso-74a22b4b\/\">Jean-Patrick CORSO<\/a> (Pr\u00e9sident de CLHYNN)<br \/><a id=\"ember2688\" class=\"ember-view\" href=\"https:\/\/www.linkedin.com\/in\/alexia-pelizzari-visca-4226871a0\/\">Alexia Pelizzari Visca<\/a> (Cabinet d\u2019expertise SECAFI)<\/p>\t\t\t\t\t\t<\/div>\n\t\t\t\t<\/div>\n\t\t\t\t<div class=\"elementor-element elementor-element-bd4b1fc elementor-widget elementor-widget-image\" data-id=\"bd4b1fc\" data-element_type=\"widget\" data-widget_type=\"image.default\">\n\t\t\t\t<div class=\"elementor-widget-container\">\n\t\t\t\t\t\t\t\t\t\t\t\t\t<img decoding=\"async\" width=\"1024\" height=\"768\" src=\"https:\/\/www.collectif-reconstruire.fr\/wp-content\/uploads\/2025\/02\/1740595462024-1024x768.jpeg\" class=\"attachment-large size-large wp-image-610\" alt=\"\" srcset=\"https:\/\/www.collectif-reconstruire.fr\/wp-content\/uploads\/2025\/02\/1740595462024-1024x768.jpeg 1024w, https:\/\/www.collectif-reconstruire.fr\/wp-content\/uploads\/2025\/02\/1740595462024-300x225.jpeg 300w, https:\/\/www.collectif-reconstruire.fr\/wp-content\/uploads\/2025\/02\/1740595462024-768x576.jpeg 768w, https:\/\/www.collectif-reconstruire.fr\/wp-content\/uploads\/2025\/02\/1740595462024-1536x1152.jpeg 1536w, https:\/\/www.collectif-reconstruire.fr\/wp-content\/uploads\/2025\/02\/1740595462024.jpeg 2048w\" sizes=\"(max-width: 1024px) 100vw, 1024px\" \/>\t\t\t\t\t\t\t\t\t\t\t\t\t<\/div>\n\t\t\t\t<\/div>\n\t\t\t\t<div class=\"elementor-element elementor-element-6586d05 elementor-widget elementor-widget-text-editor\" data-id=\"6586d05\" data-element_type=\"widget\" data-widget_type=\"text-editor.default\">\n\t\t\t\t<div class=\"elementor-widget-container\">\n\t\t\t\t\t\t\t<p>Le H2 Automotive forum a \u00e9t\u00e9 un grand succ\u00e8s ! Merci \u00e0 tous les intervenants et \u00e0 tous les participants pour tous ces \u00e9changes.\u00a0<br \/><br \/>le <strong>Collectif Reconstruire<\/strong> associe des citoyens, des salari\u00e9s d&rsquo;anciens grandes groupes industriels fran\u00e7ais (Alstom, Alcatel, Technip), des repr\u00e9sentants des salari\u00e9s, des experts en intelligence \u00e9conomique, des chercheurs, des chefs d&rsquo;entreprise, des \u00e9conomistes, des fiscalistes, des lanceurs d&rsquo;alertes, d\u00e9cid\u00e9s \u00e0 contribuer \u00e0 la reconstruction n\u00e9cessaire et urgente de l&rsquo;industrie de notre pays.<br \/><br \/>Rejoignez-nous et participez \u00e0 nos c\u00f4t\u00e9s au combat pour la r\u00e9industrialisation de la France en nous contactant par mail \u00e0 <strong>collectif-reconstruire@gmail.com<\/strong><\/p>\t\t\t\t\t\t<\/div>\n\t\t\t\t<\/div>\n\t\t\t\t\t<\/div>\n\t\t\t\t<\/div>\n\t\t\t\t<\/div>\n\t\t","protected":false},"excerpt":{"rendered":"<p>Le 26 f\u00e9vrier 2025, le Collectif Reconstruire, la CFE-CGC M\u00e9tallurgie et le SYNDICAT DE LA METALLURGIE DE FRANCHE-COMTE CFE-CGC a organis\u00e9 un \u00e9v\u00e8nement \u00e0 la Chambre de commerce et d&rsquo;industrie Sa\u00f4ne-Doubs (site de Montb\u00e9liard) pour un apr\u00e8s-midi d\u2019\u00e9changes et de r\u00e9flexion sur l\u2019avenir de l\u2019hydrog\u00e8ne dans l\u2019industrie automobile fran\u00e7aise. \ud83d\udccc Pourquoi cet \u00e9v\u00e9nement ?L\u2019hydrog\u00e8ne d\u00e9carbon\u00e9 [&hellip;]<\/p>\n","protected":false},"author":1,"featured_media":608,"comment_status":"open","ping_status":"open","sticky":false,"template":"","format":"standard","meta":{"ocean_post_layout":"","ocean_both_sidebars_style":"","ocean_both_sidebars_content_width":0,"ocean_both_sidebars_sidebars_width":0,"ocean_sidebar":"","ocean_second_sidebar":"","ocean_disable_margins":"enable","ocean_add_body_class":"","ocean_shortcode_before_top_bar":"","ocean_shortcode_after_top_bar":"","ocean_shortcode_before_header":"","ocean_shortcode_after_header":"","ocean_has_shortcode":"","ocean_shortcode_after_title":"","ocean_shortcode_before_footer_widgets":"","ocean_shortcode_after_footer_widgets":"","ocean_shortcode_before_footer_bottom":"","ocean_shortcode_after_footer_bottom":"","ocean_display_top_bar":"default","ocean_display_header":"default","ocean_header_style":"","ocean_center_header_left_menu":"","ocean_custom_header_template":"","ocean_custom_logo":0,"ocean_custom_retina_logo":0,"ocean_custom_logo_max_width":0,"ocean_custom_logo_tablet_max_width":0,"ocean_custom_logo_mobile_max_width":0,"ocean_custom_logo_max_height":0,"ocean_custom_logo_tablet_max_height":0,"ocean_custom_logo_mobile_max_height":0,"ocean_header_custom_menu":"","ocean_menu_typo_font_family":"","ocean_menu_typo_font_subset":"","ocean_menu_typo_font_size":0,"ocean_menu_typo_font_size_tablet":0,"ocean_menu_typo_font_size_mobile":0,"ocean_menu_typo_font_size_unit":"px","ocean_menu_typo_font_weight":"","ocean_menu_typo_font_weight_tablet":"","ocean_menu_typo_font_weight_mobile":"","ocean_menu_typo_transform":"","ocean_menu_typo_transform_tablet":"","ocean_menu_typo_transform_mobile":"","ocean_menu_typo_line_height":0,"ocean_menu_typo_line_height_tablet":0,"ocean_menu_typo_line_height_mobile":0,"ocean_menu_typo_line_height_unit":"","ocean_menu_typo_spacing":0,"ocean_menu_typo_spacing_tablet":0,"ocean_menu_typo_spacing_mobile":0,"ocean_menu_typo_spacing_unit":"","ocean_menu_link_color":"","ocean_menu_link_color_hover":"","ocean_menu_link_color_active":"","ocean_menu_link_background":"","ocean_menu_link_hover_background":"","ocean_menu_link_active_background":"","ocean_menu_social_links_bg":"","ocean_menu_social_hover_links_bg":"","ocean_menu_social_links_color":"","ocean_menu_social_hover_links_color":"","ocean_disable_title":"default","ocean_disable_heading":"default","ocean_post_title":"","ocean_post_subheading":"","ocean_post_title_style":"","ocean_post_title_background_color":"","ocean_post_title_background":0,"ocean_post_title_bg_image_position":"","ocean_post_title_bg_image_attachment":"","ocean_post_title_bg_image_repeat":"","ocean_post_title_bg_image_size":"","ocean_post_title_height":0,"ocean_post_title_bg_overlay":0.5,"ocean_post_title_bg_overlay_color":"","ocean_disable_breadcrumbs":"default","ocean_breadcrumbs_color":"","ocean_breadcrumbs_separator_color":"","ocean_breadcrumbs_links_color":"","ocean_breadcrumbs_links_hover_color":"","ocean_display_footer_widgets":"default","ocean_display_footer_bottom":"default","ocean_custom_footer_template":"","ocean_post_oembed":"","ocean_post_self_hosted_media":"","ocean_post_video_embed":"","ocean_link_format":"","ocean_link_format_target":"self","ocean_quote_format":"","ocean_quote_format_link":"post","ocean_gallery_link_images":"on","ocean_gallery_id":[],"footnotes":""},"categories":[3,6],"tags":[],"class_list":["post-607","post","type-post","status-publish","format-standard","has-post-thumbnail","hentry","category-actions","category-tout","entry","has-media"],"_links":{"self":[{"href":"https:\/\/www.collectif-reconstruire.fr\/index.php\/wp-json\/wp\/v2\/posts\/607","targetHints":{"allow":["GET"]}}],"collection":[{"href":"https:\/\/www.collectif-reconstruire.fr\/index.php\/wp-json\/wp\/v2\/posts"}],"about":[{"href":"https:\/\/www.collectif-reconstruire.fr\/index.php\/wp-json\/wp\/v2\/types\/post"}],"author":[{"embeddable":true,"href":"https:\/\/www.collectif-reconstruire.fr\/index.php\/wp-json\/wp\/v2\/users\/1"}],"replies":[{"embeddable":true,"href":"https:\/\/www.collectif-reconstruire.fr\/index.php\/wp-json\/wp\/v2\/comments?post=607"}],"version-history":[{"count":4,"href":"https:\/\/www.collectif-reconstruire.fr\/index.php\/wp-json\/wp\/v2\/posts\/607\/revisions"}],"predecessor-version":[{"id":613,"href":"https:\/\/www.collectif-reconstruire.fr\/index.php\/wp-json\/wp\/v2\/posts\/607\/revisions\/613"}],"wp:featuredmedia":[{"embeddable":true,"href":"https:\/\/www.collectif-reconstruire.fr\/index.php\/wp-json\/wp\/v2\/media\/608"}],"wp:attachment":[{"href":"https:\/\/www.collectif-reconstruire.fr\/index.php\/wp-json\/wp\/v2\/media?parent=607"}],"wp:term":[{"taxonomy":"category","embeddable":true,"href":"https:\/\/www.collectif-reconstruire.fr\/index.php\/wp-json\/wp\/v2\/categories?post=607"},{"taxonomy":"post_tag","embeddable":true,"href":"https:\/\/www.collectif-reconstruire.fr\/index.php\/wp-json\/wp\/v2\/tags?post=607"}],"curies":[{"name":"wp","href":"https:\/\/api.w.org\/{rel}","templated":true}]}}