{"id":465,"date":"2024-09-05T12:30:00","date_gmt":"2024-09-05T10:30:00","guid":{"rendered":"https:\/\/www.collectif-reconstruire.fr\/?p=465"},"modified":"2024-09-04T20:37:38","modified_gmt":"2024-09-04T18:37:38","slug":"de-general-electric-a-neext-engineering-le-combat-pour-une-reindustrialisation-locale-alexis-sesmat","status":"publish","type":"post","link":"https:\/\/www.collectif-reconstruire.fr\/index.php\/2024\/09\/05\/de-general-electric-a-neext-engineering-le-combat-pour-une-reindustrialisation-locale-alexis-sesmat\/","title":{"rendered":"NEEXT Engineering : Le combat pour une r\u00e9industrialisation locale &#8211; Alexis SESMAT"},"content":{"rendered":"\t\t<div data-elementor-type=\"wp-post\" data-elementor-id=\"465\" class=\"elementor elementor-465\">\n\t\t\t\t<div class=\"elementor-element elementor-element-2aa367c e-flex e-con-boxed e-con e-parent\" data-id=\"2aa367c\" data-element_type=\"container\">\n\t\t\t\t\t<div class=\"e-con-inner\">\n\t\t\t\t<div class=\"elementor-element elementor-element-97f3428 elementor-widget elementor-widget-image\" data-id=\"97f3428\" data-element_type=\"widget\" data-widget_type=\"image.default\">\n\t\t\t\t<div class=\"elementor-widget-container\">\n\t\t\t<style>\/*! elementor - v3.21.0 - 30-04-2024 *\/\n.elementor-widget-image{text-align:center}.elementor-widget-image a{display:inline-block}.elementor-widget-image a img[src$=\".svg\"]{width:48px}.elementor-widget-image img{vertical-align:middle;display:inline-block}<\/style>\t\t\t\t\t\t\t\t\t\t<img fetchpriority=\"high\" decoding=\"async\" width=\"1200\" height=\"700\" src=\"https:\/\/www.collectif-reconstruire.fr\/wp-content\/uploads\/2024\/08\/Design-sans-titre12-1200x700.png\" class=\"attachment-ocean-thumb-l size-ocean-thumb-l wp-image-471\" alt=\"\" \/>\t\t\t\t\t\t\t\t\t\t\t\t\t<\/div>\n\t\t\t\t<\/div>\n\t\t\t\t<div class=\"elementor-element elementor-element-93d9cdd elementor-widget elementor-widget-text-editor\" data-id=\"93d9cdd\" data-element_type=\"widget\" data-widget_type=\"text-editor.default\">\n\t\t\t\t<div class=\"elementor-widget-container\">\n\t\t\t<style>\/*! elementor - v3.21.0 - 30-04-2024 *\/\n.elementor-widget-text-editor.elementor-drop-cap-view-stacked .elementor-drop-cap{background-color:#69727d;color:#fff}.elementor-widget-text-editor.elementor-drop-cap-view-framed .elementor-drop-cap{color:#69727d;border:3px solid;background-color:transparent}.elementor-widget-text-editor:not(.elementor-drop-cap-view-default) .elementor-drop-cap{margin-top:8px}.elementor-widget-text-editor:not(.elementor-drop-cap-view-default) .elementor-drop-cap-letter{width:1em;height:1em}.elementor-widget-text-editor .elementor-drop-cap{float:left;text-align:center;line-height:1;font-size:50px}.elementor-widget-text-editor .elementor-drop-cap-letter{display:inline-block}<\/style>\t\t\t\t<p>Cr\u00e9dit photo Portrait Mandarine<\/p>\t\t\t\t\t\t<\/div>\n\t\t\t\t<\/div>\n\t\t\t\t<div class=\"elementor-element elementor-element-70b88b8 elementor-widget elementor-widget-text-editor\" data-id=\"70b88b8\" data-element_type=\"widget\" data-widget_type=\"text-editor.default\">\n\t\t\t\t<div class=\"elementor-widget-container\">\n\t\t\t\t\t\t\t<p>Une interview de <a href=\"https:\/\/www.linkedin.com\/in\/melvin-d-7b3292231\/\">Melvin Derradji<\/a>, le 08\/08\/2024.<\/p>\t\t\t\t\t\t<\/div>\n\t\t\t\t<\/div>\n\t\t\t\t<div class=\"elementor-element elementor-element-54c5208 elementor-widget elementor-widget-heading\" data-id=\"54c5208\" data-element_type=\"widget\" data-widget_type=\"heading.default\">\n\t\t\t\t<div class=\"elementor-widget-container\">\n\t\t\t<style>\/*! elementor - v3.21.0 - 30-04-2024 *\/\n.elementor-heading-title{padding:0;margin:0;line-height:1}.elementor-widget-heading .elementor-heading-title[class*=elementor-size-]>a{color:inherit;font-size:inherit;line-height:inherit}.elementor-widget-heading .elementor-heading-title.elementor-size-small{font-size:15px}.elementor-widget-heading .elementor-heading-title.elementor-size-medium{font-size:19px}.elementor-widget-heading .elementor-heading-title.elementor-size-large{font-size:29px}.elementor-widget-heading .elementor-heading-title.elementor-size-xl{font-size:39px}.elementor-widget-heading .elementor-heading-title.elementor-size-xxl{font-size:59px}<\/style><h2 class=\"elementor-heading-title elementor-size-default\">Est-ce que vous pouvez vous pr\u00e9senter, nous raconter votre parcours et votre r\u00f4le en tant que syndicaliste ?\n<\/h2>\t\t<\/div>\n\t\t\t\t<\/div>\n\t\t\t\t<div class=\"elementor-element elementor-element-bc9440d elementor-widget elementor-widget-text-editor\" data-id=\"bc9440d\" data-element_type=\"widget\" data-widget_type=\"text-editor.default\">\n\t\t\t\t<div class=\"elementor-widget-container\">\n\t\t\t\t\t\t\t<p>Je suis Alexis Sesmat, ing\u00e9nieur de formation, et j&rsquo;ai commenc\u00e9 ma carri\u00e8re chez General Electric il y a 20 ans, en 2004. J&rsquo;ai occup\u00e9 plusieurs r\u00f4les au sein de l&rsquo;entreprise, en commen\u00e7ant par le d\u00e9veloppement, puis en \u00e9largissant mon champ d&rsquo;expertise \u00e0 l&rsquo;ing\u00e9nierie syst\u00e8me. La dimension technique a toujours \u00e9t\u00e9 au c\u0153ur de mon parcours, car c&rsquo;est ce qui me passionne et me d\u00e9finit.<\/p><p>Face aux menaces qui pesaient sur l&#8217;emploi et l&rsquo;industrie \u00e0 Belfort, j&rsquo;ai pris part \u00e0 une r\u00e9sistance active, alertant les politiques et les parties prenantes sur les dangers de la d\u00e9sindustrialisation. Cette lutte nous a finalement conduits \u00e0 la cr\u00e9ation de Neext Engineering, une entreprise n\u00e9e du besoin de pr\u00e9server et de valoriser les savoir-faire industriels de notre r\u00e9gion. NEEXT Engineering incarne notre vision de la r\u00e9industrialisation, centr\u00e9e sur l&rsquo;innovation et les comp\u00e9tences historiques du Nord-Franche-Comt\u00e9.<\/p>\t\t\t\t\t\t<\/div>\n\t\t\t\t<\/div>\n\t\t\t\t<div class=\"elementor-element elementor-element-4e35109 elementor-widget elementor-widget-heading\" data-id=\"4e35109\" data-element_type=\"widget\" data-widget_type=\"heading.default\">\n\t\t\t\t<div class=\"elementor-widget-container\">\n\t\t\t<h2 class=\"elementor-heading-title elementor-size-default\">Pouvez-vous nous pr\u00e9senter NEEXT Engineering ? Quels sont vos objectifs ? Quelle est la vision de l\u2019entreprise ?<\/h2>\t\t<\/div>\n\t\t\t\t<\/div>\n\t\t\t\t<div class=\"elementor-element elementor-element-1276d5a elementor-widget elementor-widget-text-editor\" data-id=\"1276d5a\" data-element_type=\"widget\" data-widget_type=\"text-editor.default\">\n\t\t\t\t<div class=\"elementor-widget-container\">\n\t\t\t\t\t\t\t<p>NEEXT Engineering est n\u00e9e d&rsquo;un constat simple : nous avons un savoir-faire unique en ing\u00e9nierie syst\u00e8me ici, \u00e0 Belfort, en Franche-Comt\u00e9. L&rsquo;ing\u00e9nierie syst\u00e8me consiste \u00e0 concevoir et construire des projets complexes, comme des centrales \u00e9lectriques, en combinant des composants plus simples. C&rsquo;est une comp\u00e9tence rare, et je suis convaincu que nous sommes parmi les meilleurs au monde dans ce domaine.\u00a0<\/p><p>Notre vision chez NEEXT Engineering repose sur trois piliers. Tout d&rsquo;abord, nous nous appuyons sur notre capacit\u00e9 \u00e0 personnaliser des solutions industrielles en standardisant et en modulant les composants, ce qui est essentiel pour des technologies \u00e9mergentes comme les petits r\u00e9acteurs nucl\u00e9aires (SMR).\u00a0<\/p><p>Ensuite, nous avons int\u00e9gr\u00e9 une innovation de pointe, le fluide r\u00e9actif, d\u00e9velopp\u00e9 par le CNRS. Cette technologie r\u00e9volutionne la conversion de puissance et ouvre de nouvelles possibilit\u00e9s pour la production d&rsquo;\u00e9lectricit\u00e9.<\/p><p>Enfin, nous misons sur l&rsquo;outil num\u00e9rique, notamment l&rsquo;intelligence artificielle, pour optimiser nos processus de conception et de r\u00e9alisation. Contrairement aux multinationales, qui n&rsquo;exploitent pas pleinement ces technologies, nous voyons dans le num\u00e9rique un levier pour \u00eatre plus efficaces et comp\u00e9titifs.<\/p><p>En combinant ces trois \u00e9l\u00e9ments \u2013 savoir-faire local, innovation technologique, et utilisation avanc\u00e9e du num\u00e9rique \u2013 NEEXT Engineering se positionne comme un acteur cl\u00e9 dans la d\u00e9carbonation de l&rsquo;industrie, offrant des solutions personnalis\u00e9es et efficaces pour r\u00e9pondre aux d\u00e9fis de la transition \u00e9nerg\u00e9tique.<\/p>\t\t\t\t\t\t<\/div>\n\t\t\t\t<\/div>\n\t\t\t\t<div class=\"elementor-element elementor-element-29425cc elementor-widget elementor-widget-heading\" data-id=\"29425cc\" data-element_type=\"widget\" data-widget_type=\"heading.default\">\n\t\t\t\t<div class=\"elementor-widget-container\">\n\t\t\t<h2 class=\"elementor-heading-title elementor-size-default\">Le programme SPARTA b\u00e9n\u00e9ficie d'un soutien de pr\u00e8s de 10 M\u20ac, dont 7,3 M\u20ac pour NEEXT Engineering via l'appel \u00e0 projets France 2030 i-D\u00e9mo 3. Quel impact ce soutien a-t-il eu sur le d\u00e9veloppement du projet ?\n<\/h2>\t\t<\/div>\n\t\t\t\t<\/div>\n\t\t\t\t<div class=\"elementor-element elementor-element-2aba8b2 elementor-widget elementor-widget-text-editor\" data-id=\"2aba8b2\" data-element_type=\"widget\" data-widget_type=\"text-editor.default\">\n\t\t\t\t<div class=\"elementor-widget-container\">\n\t\t\t\t\t\t\t<p>Le programme SPARTA, que nous avons lanc\u00e9 chez NEEXT Engineering, est notre initiative phare en mati\u00e8re de recherche et d\u00e9veloppement. Il vise \u00e0 exploiter le potentiel des fluides r\u00e9actifs, une innovation prometteuse que j&rsquo;ai \u00e9voqu\u00e9e pr\u00e9c\u00e9demment. Contrairement aux fluides inertes traditionnels comme l&rsquo;air ou la vapeur d&rsquo;eau, les fluides r\u00e9actifs ont la capacit\u00e9 unique de stocker et de restituer la chaleur par une r\u00e9action chimique r\u00e9versible, ce qui pourrait consid\u00e9rablement am\u00e9liorer l&rsquo;efficacit\u00e9 des cycles thermodynamiques dans les centrales \u00e9lectriques.<\/p><p>Th\u00e9oriquement, l&rsquo;utilisation de ces fluides pourrait am\u00e9liorer de 20 \u00e0 30 % le rendement des cycles \u00e9nerg\u00e9tiques et r\u00e9duire de 50 % l&#8217;empreinte au sol des installations. Cependant, ces chiffres restent th\u00e9oriques pour l&rsquo;instant. Le projet SPARTA a pour but de valider ces hypoth\u00e8ses en conditions r\u00e9elles, gr\u00e2ce \u00e0 un banc d&rsquo;essai con\u00e7u pour tester et mesurer les performances des fluides r\u00e9actifs. Actuellement, nous sommes \u00e0 un stade de maturit\u00e9 technologique TRL 2-3, ce qui signifie que nous sommes encore dans une phase th\u00e9orique. L&rsquo;objectif de SPARTA est de faire progresser cette technologie jusqu&rsquo;\u00e0 un niveau TRL 7-8, soit un niveau de maturit\u00e9 proche de l&rsquo;application industrielle.<\/p><p>Le soutien financier que nous avons re\u00e7u, pr\u00e8s de 10 millions d&rsquo;euros dont 7,3 millions sp\u00e9cifiquement pour NEEXT Engineering via l&rsquo;appel \u00e0 projets France 2030 i-D\u00e9mo 3, est crucial pour notre projet. D\u00e9velopper et tester une innovation aussi avant-gardiste demande des moyens consid\u00e9rables, et il est difficile de trouver des investisseurs pr\u00eats \u00e0 financer quelque chose d&rsquo;aussi th\u00e9orique. C&rsquo;est l\u00e0 que l&rsquo;\u00c9tat fran\u00e7ais joue un r\u00f4le essentiel, en agissant comme un catalyseur de l&rsquo;innovation. Gr\u00e2ce \u00e0 ce soutien, nous avons les ressources n\u00e9cessaires pour prouver la viabilit\u00e9 de notre technologie et potentiellement r\u00e9volutionner le secteur de l&rsquo;\u00e9nergie.<\/p>\t\t\t\t\t\t<\/div>\n\t\t\t\t<\/div>\n\t\t\t\t<div class=\"elementor-element elementor-element-29ed3ca elementor-widget elementor-widget-heading\" data-id=\"29ed3ca\" data-element_type=\"widget\" data-widget_type=\"heading.default\">\n\t\t\t\t<div class=\"elementor-widget-container\">\n\t\t\t<h2 class=\"elementor-heading-title elementor-size-default\">Comment NEEXT Engineering contribue-t-elle \u00e0 la r\u00e9industrialisation en France, notamment dans le secteur \u00e9nerg\u00e9tique ?\n<\/h2>\t\t<\/div>\n\t\t\t\t<\/div>\n\t\t\t\t<div class=\"elementor-element elementor-element-ac05061 elementor-widget elementor-widget-text-editor\" data-id=\"ac05061\" data-element_type=\"widget\" data-widget_type=\"text-editor.default\">\n\t\t\t\t<div class=\"elementor-widget-container\">\n\t\t\t\t\t\t\t<p>Chez NEEXT Engineering, nous avons une ambition forte : devenir un nouvel acteur majeur de l&rsquo;industrie en France, un \u00ab\u00a0Alstom bis\u00a0\u00bb ancr\u00e9 dans notre territoire. La r\u00e9industrialisation est essentielle non seulement pour le pays, mais aussi pour r\u00e9pondre aux d\u00e9fis \u00e9conomiques et climatiques auxquels nous faisons face. Aujourd&rsquo;hui, la France souffre d&rsquo;une balance commerciale d\u00e9sastreuse, en grande partie parce que nous ne produisons plus suffisamment ce dont nous avons besoin. Pour inverser cette tendance, il est indispensable de r\u00e9industrialiser.<\/p><p>L&rsquo;industrie est cruciale pour la transition \u00e9nerg\u00e9tique, un enjeu vital dans le contexte de la crise climatique actuelle. Nous devons adopter des modes de production et de consommation d&rsquo;\u00e9nergie plus vertueux. Chez NEEXT, nous croyons en la frugalit\u00e9 \u00e9nerg\u00e9tique, c&rsquo;est-\u00e0-dire produire et consommer uniquement ce qui est n\u00e9cessaire. Par exemple, si nous concevons des b\u00e2timents de mani\u00e8re plus efficace, il ne sera plus n\u00e9cessaire de consommer autant d&rsquo;\u00e9nergie pour les climatiser. Nos produits sont con\u00e7us avec cette approche en t\u00eate, pour r\u00e9pondre aux v\u00e9ritables besoins \u00e9nerg\u00e9tiques sans gaspillage.<\/p><p>La question de la souverainet\u00e9 industrielle est \u00e9galement centrale. Nous ne devons pas d\u00e9pendre de pays comme les Etats-Unis, la Chine, la Russie, ou m\u00eame nos voisins europ\u00e9ens pour des solutions \u00e9nerg\u00e9tiques. Pour \u00eatre ma\u00eetres de notre avenir, nous devons d\u00e9velopper une industrie locale forte, capable de proposer des solutions adapt\u00e9es \u00e0 nos territoires. C&rsquo;est l\u00e0 que NEEXT Engineering intervient : en tant que futur acteur industriel, nous visons \u00e0 fabriquer localement les solutions que nous concevons aujourd&rsquo;hui.<\/p><p>Bien que nous soyons pour l&rsquo;instant concentr\u00e9s sur l&rsquo;ing\u00e9nierie, notre ambition est de passer \u00e0 la fabrication de nos propres solutions dans les prochaines ann\u00e9es. Nous avons les savoir-faire n\u00e9cessaires, notamment dans la fabrication de composants industriels complexes comme les turbines, et nous comptons bien les mettre \u00e0 profit pour contribuer \u00e0 la r\u00e9industrialisation de la France.<\/p>\t\t\t\t\t\t<\/div>\n\t\t\t\t<\/div>\n\t\t\t\t<div class=\"elementor-element elementor-element-d804e6c elementor-widget elementor-widget-heading\" data-id=\"d804e6c\" data-element_type=\"widget\" data-widget_type=\"heading.default\">\n\t\t\t\t<div class=\"elementor-widget-container\">\n\t\t\t<h2 class=\"elementor-heading-title elementor-size-default\">Quel est votre point de vue personnel sur les d\u00e9fis \u00e0 venir dans le secteur de l'\u00e9nergie en France et en Europe, et comment voyez-vous l'\u00e9volution de NEEXT Engineering dans ce contexte ?<\/h2>\t\t<\/div>\n\t\t\t\t<\/div>\n\t\t\t\t<div class=\"elementor-element elementor-element-1e75a9a elementor-widget elementor-widget-text-editor\" data-id=\"1e75a9a\" data-element_type=\"widget\" data-widget_type=\"text-editor.default\">\n\t\t\t\t<div class=\"elementor-widget-container\">\n\t\t\t\t\t\t\t<p>Mon point de vue sur les d\u00e9fis \u00e0 venir dans le secteur de l&rsquo;\u00e9nergie en France et en Europe est \u00e9troitement li\u00e9 \u00e0 l&rsquo;identit\u00e9 et \u00e0 la vision de NEEXT Engineering. Nous sommes profond\u00e9ment enracin\u00e9s dans le Nord-Franche-Comt\u00e9, et cet ancrage territorial est au c\u0153ur de notre approche. Contrairement aux multinationales, NEEXT Engineering se veut l&rsquo;antith\u00e8se de ce mod\u00e8le d\u00e9territorialis\u00e9. Nous croyons fermement en l&rsquo;importance d&rsquo;avoir des racines locales, non seulement pour notre entreprise, mais aussi pour le d\u00e9veloppement durable de notre r\u00e9gion.<\/p><p>L&rsquo;un des grands d\u00e9fis \u00e0 venir dans le secteur de l&rsquo;\u00e9nergie est la d\u00e9carbonation. Pour y r\u00e9pondre, il est crucial de proposer des solutions industrielles innovantes tout en restant connect\u00e9s \u00e0 nos territoires. Chez NEEXT, nous contribuons \u00e0 cet effort non seulement par nos technologies, mais aussi par notre engagement \u00e0 \u00eatre un acteur local d&rsquo;ing\u00e9nierie. Nous formons des apprentis, collaborons avec les institutions acad\u00e9miques locales, et employons des talents issus du territoire de Belfort et des d\u00e9partements voisins.<\/p><p>Nous privil\u00e9gions \u00e9galement des partenariats locaux, en recherchant des fournisseurs et des partenaires principalement dans notre R\u00e9gion Bourgogne-Franche-Comt\u00e9 ou en Alsace. Cette d\u00e9marche locale est essentielle car nous croyons que l&rsquo;activit\u00e9 industrielle a un effet vertueux sur la vie d&rsquo;un territoire. Un emploi industriel, c&rsquo;est entre trois et cinq emplois indirects : le boulanger, l&rsquo;instituteur, le sous-traitant, tous ces acteurs b\u00e9n\u00e9ficient de la vitalit\u00e9 industrielle.<\/p><p>Dans ce contexte, je vois l&rsquo;\u00e9volution de NEEXT Engineering comme un moteur de r\u00e9industrialisation locale, capable de revitaliser notre r\u00e9gion tout en r\u00e9pondant aux d\u00e9fis \u00e9nerg\u00e9tiques europ\u00e9ens. Notre engagement pour le territoire n&rsquo;est pas seulement une strat\u00e9gie, c&rsquo;est une conviction profonde que l&rsquo;industrie doit \u00eatre au service des communaut\u00e9s locales.<\/p>\t\t\t\t\t\t<\/div>\n\t\t\t\t<\/div>\n\t\t\t\t<div class=\"elementor-element elementor-element-c53f77f elementor-widget elementor-widget-heading\" data-id=\"c53f77f\" data-element_type=\"widget\" data-widget_type=\"heading.default\">\n\t\t\t\t<div class=\"elementor-widget-container\">\n\t\t\t<h2 class=\"elementor-heading-title elementor-size-default\">Quel message aimeriez-vous transmettre et que pensez-vous qu\u2019il manque ou est insuffisant en France pour la r\u00e9industrialisation ?<\/h2>\t\t<\/div>\n\t\t\t\t<\/div>\n\t\t\t\t<div class=\"elementor-element elementor-element-8215318 elementor-widget elementor-widget-text-editor\" data-id=\"8215318\" data-element_type=\"widget\" data-widget_type=\"text-editor.default\">\n\t\t\t\t<div class=\"elementor-widget-container\">\n\t\t\t\t\t\t\t<p>Le message que j&rsquo;aimerais transmettre est simple : la France manque cruellement d&rsquo;une vision industrielle coh\u00e9rente. \u00c0 travers mon parcours, notamment syndical, j&rsquo;ai \u00e9t\u00e9 frapp\u00e9 par le manque de culture industrielle au sein de la classe politique. Que ce soit au niveau local, comme \u00e0 Belfort, ou au niveau national, avec les responsables \u00e0 Bercy, il y a une m\u00e9connaissance alarmante de ce qu&rsquo;implique l&rsquo;industrie et de son importance pour l&rsquo;avenir du pays.<\/p><p>Ce d\u00e9ficit de culture industrielle se traduit par une absence de politique industrielle structur\u00e9e. Bien que des fonds soient parfois allou\u00e9s, comme avec les plans de relance, il n&rsquo;y a pas de chef d&rsquo;orchestre pour donner une direction claire et unifi\u00e9e. Chacun agit de son c\u00f4t\u00e9, sans coordination ni vision d&rsquo;ensemble. Un exemple frappant est celui de l&rsquo;hydrog\u00e8ne : chaque r\u00e9gion se d\u00e9clare championne de l&rsquo;hydrog\u00e8ne sans qu&rsquo;il y ait une v\u00e9ritable coh\u00e9rence nationale. On en arrive \u00e0 une situation o\u00f9 il n&rsquo;y a pas de strat\u00e9gie unifi\u00e9e pour faire de la France un leader dans ce domaine.<\/p><p>Je compare souvent cette situation \u00e0 celle de l&rsquo;agriculture, o\u00f9 malgr\u00e9 ses imperfections, la France dispose d&rsquo;un minist\u00e8re d\u00e9di\u00e9 et d&rsquo;une politique agricole claire, d\u00e9battue au plus haut niveau. En revanche, l&rsquo;industrie n&rsquo;a plus de minist\u00e8re propre, ni m\u00eame de v\u00e9ritable d\u00e9bat public. Nous n&rsquo;avons plus les moyens concert\u00e9s pour d\u00e9velopper une industrie forte et coh\u00e9rente.<\/p><p>Ce manque de coh\u00e9sion est d&rsquo;autant plus regrettable quand on se souvient des succ\u00e8s pass\u00e9s, comme le TGV ou la turbine Arabelle, o\u00f9 l&rsquo;\u00c9tat a su rassembler les acteurs cl\u00e9s autour d&rsquo;un objectif commun. Ces succ\u00e8s d\u00e9montrent que lorsque la France se mobilise de mani\u00e8re unifi\u00e9e, elle peut \u00eatre imbattable. Alors pourquoi ne pas reproduire ce sch\u00e9ma pour r\u00e9pondre aux d\u00e9fis de la transition \u00e9nerg\u00e9tique et d&rsquo;autres grands enjeux industriels ?<\/p><p>Ma question, en fin de compte, est pourquoi la France ne se remet-elle pas en ordre de bataille pour redevenir championne du monde dans les domaines o\u00f9 elle excelle, notamment dans l&rsquo;industrie ? Nous avons les comp\u00e9tences, les savoir-faire, et l&rsquo;histoire pour le faire, mais il nous manque une vision claire et partag\u00e9e pour y parvenir.<\/p>\t\t\t\t\t\t<\/div>\n\t\t\t\t<\/div>\n\t\t\t\t\t<\/div>\n\t\t\t\t<\/div>\n\t\t\t\t<\/div>\n\t\t","protected":false},"excerpt":{"rendered":"<p>Cr\u00e9dit photo Portrait Mandarine Une interview de Melvin Derradji, le 08\/08\/2024. Est-ce que vous pouvez vous pr\u00e9senter, nous raconter votre parcours et votre r\u00f4le en tant que syndicaliste ? Je suis Alexis Sesmat, ing\u00e9nieur de formation, et j&rsquo;ai commenc\u00e9 ma carri\u00e8re chez General Electric il y a 20 ans, en 2004. J&rsquo;ai occup\u00e9 plusieurs r\u00f4les [&hellip;]<\/p>\n","protected":false},"author":1,"featured_media":471,"comment_status":"open","ping_status":"open","sticky":false,"template":"","format":"standard","meta":{"ocean_post_layout":"","ocean_both_sidebars_style":"","ocean_both_sidebars_content_width":0,"ocean_both_sidebars_sidebars_width":0,"ocean_sidebar":"","ocean_second_sidebar":"","ocean_disable_margins":"enable","ocean_add_body_class":"","ocean_shortcode_before_top_bar":"","ocean_shortcode_after_top_bar":"","ocean_shortcode_before_header":"","ocean_shortcode_after_header":"","ocean_has_shortcode":"","ocean_shortcode_after_title":"","ocean_shortcode_before_footer_widgets":"","ocean_shortcode_after_footer_widgets":"","ocean_shortcode_before_footer_bottom":"","ocean_shortcode_after_footer_bottom":"","ocean_display_top_bar":"default","ocean_display_header":"default","ocean_header_style":"","ocean_center_header_left_menu":"","ocean_custom_header_template":"","ocean_custom_logo":0,"ocean_custom_retina_logo":0,"ocean_custom_logo_max_width":0,"ocean_custom_logo_tablet_max_width":0,"ocean_custom_logo_mobile_max_width":0,"ocean_custom_logo_max_height":0,"ocean_custom_logo_tablet_max_height":0,"ocean_custom_logo_mobile_max_height":0,"ocean_header_custom_menu":"","ocean_menu_typo_font_family":"","ocean_menu_typo_font_subset":"","ocean_menu_typo_font_size":0,"ocean_menu_typo_font_size_tablet":0,"ocean_menu_typo_font_size_mobile":0,"ocean_menu_typo_font_size_unit":"px","ocean_menu_typo_font_weight":"","ocean_menu_typo_font_weight_tablet":"","ocean_menu_typo_font_weight_mobile":"","ocean_menu_typo_transform":"","ocean_menu_typo_transform_tablet":"","ocean_menu_typo_transform_mobile":"","ocean_menu_typo_line_height":0,"ocean_menu_typo_line_height_tablet":0,"ocean_menu_typo_line_height_mobile":0,"ocean_menu_typo_line_height_unit":"","ocean_menu_typo_spacing":0,"ocean_menu_typo_spacing_tablet":0,"ocean_menu_typo_spacing_mobile":0,"ocean_menu_typo_spacing_unit":"","ocean_menu_link_color":"","ocean_menu_link_color_hover":"","ocean_menu_link_color_active":"","ocean_menu_link_background":"","ocean_menu_link_hover_background":"","ocean_menu_link_active_background":"","ocean_menu_social_links_bg":"","ocean_menu_social_hover_links_bg":"","ocean_menu_social_links_color":"","ocean_menu_social_hover_links_color":"","ocean_disable_title":"default","ocean_disable_heading":"default","ocean_post_title":"","ocean_post_subheading":"","ocean_post_title_style":"","ocean_post_title_background_color":"","ocean_post_title_background":0,"ocean_post_title_bg_image_position":"","ocean_post_title_bg_image_attachment":"","ocean_post_title_bg_image_repeat":"","ocean_post_title_bg_image_size":"","ocean_post_title_height":0,"ocean_post_title_bg_overlay":0.5,"ocean_post_title_bg_overlay_color":"","ocean_disable_breadcrumbs":"default","ocean_breadcrumbs_color":"","ocean_breadcrumbs_separator_color":"","ocean_breadcrumbs_links_color":"","ocean_breadcrumbs_links_hover_color":"","ocean_display_footer_widgets":"default","ocean_display_footer_bottom":"default","ocean_custom_footer_template":"","ocean_post_oembed":"","ocean_post_self_hosted_media":"","ocean_post_video_embed":"","ocean_link_format":"","ocean_link_format_target":"self","ocean_quote_format":"","ocean_quote_format_link":"post","ocean_gallery_link_images":"on","ocean_gallery_id":[],"footnotes":""},"categories":[5],"tags":[],"class_list":["post-465","post","type-post","status-publish","format-standard","has-post-thumbnail","hentry","category-interviews","entry","has-media"],"_links":{"self":[{"href":"https:\/\/www.collectif-reconstruire.fr\/index.php\/wp-json\/wp\/v2\/posts\/465","targetHints":{"allow":["GET"]}}],"collection":[{"href":"https:\/\/www.collectif-reconstruire.fr\/index.php\/wp-json\/wp\/v2\/posts"}],"about":[{"href":"https:\/\/www.collectif-reconstruire.fr\/index.php\/wp-json\/wp\/v2\/types\/post"}],"author":[{"embeddable":true,"href":"https:\/\/www.collectif-reconstruire.fr\/index.php\/wp-json\/wp\/v2\/users\/1"}],"replies":[{"embeddable":true,"href":"https:\/\/www.collectif-reconstruire.fr\/index.php\/wp-json\/wp\/v2\/comments?post=465"}],"version-history":[{"count":9,"href":"https:\/\/www.collectif-reconstruire.fr\/index.php\/wp-json\/wp\/v2\/posts\/465\/revisions"}],"predecessor-version":[{"id":503,"href":"https:\/\/www.collectif-reconstruire.fr\/index.php\/wp-json\/wp\/v2\/posts\/465\/revisions\/503"}],"wp:featuredmedia":[{"embeddable":true,"href":"https:\/\/www.collectif-reconstruire.fr\/index.php\/wp-json\/wp\/v2\/media\/471"}],"wp:attachment":[{"href":"https:\/\/www.collectif-reconstruire.fr\/index.php\/wp-json\/wp\/v2\/media?parent=465"}],"wp:term":[{"taxonomy":"category","embeddable":true,"href":"https:\/\/www.collectif-reconstruire.fr\/index.php\/wp-json\/wp\/v2\/categories?post=465"},{"taxonomy":"post_tag","embeddable":true,"href":"https:\/\/www.collectif-reconstruire.fr\/index.php\/wp-json\/wp\/v2\/tags?post=465"}],"curies":[{"name":"wp","href":"https:\/\/api.w.org\/{rel}","templated":true}]}}